{"id":45,"date":"2025-12-29T22:41:34","date_gmt":"2025-12-29T22:41:34","guid":{"rendered":"https:\/\/www.amcwroclaw.pl\/?p=45"},"modified":"2026-01-05T20:49:08","modified_gmt":"2026-01-05T20:49:08","slug":"wazne-informacje-na-2026-rok-2","status":"publish","type":"post","link":"https:\/\/www.amcwroclaw.pl\/?p=45","title":{"rendered":"Wa\u017cne informacje na 2026 rok"},"content":{"rendered":"\n<h2 class=\"wp-block-heading has-text-align-center has-secondary-color has-text-color has-link-color wp-elements-34c591bdf577462b6aefb2342eceadef\" style=\"padding-top:var(--wp--preset--spacing--30);padding-bottom:var(--wp--preset--spacing--30)\">Wa\u017cne informacje na 2026 rok<\/h2>\n\n\n\n<p style=\"padding-top:0;padding-right:var(--wp--preset--spacing--50);padding-bottom:0;padding-left:var(--wp--preset--spacing--50)\">Szanowni nasi Klienci,<\/p>\n\n\n\n<p style=\"padding-top:0;padding-right:var(--wp--preset--spacing--50);padding-bottom:0;padding-left:var(--wp--preset--spacing--50)\">Jak ju\u017c niekt\u00f3rzy z Was wiedz\u0105, z ko\u0144cem roku 2025 ko\u0144czymy nasz\u0105 dzia\u0142alno\u015b\u0107 handlow\u0105 &nbsp;w lokalu przy ul. Krzemienieckiej 60A we Wroc\u0142awiu.<\/p>\n\n\n\n<p style=\"padding-top:0;padding-right:var(--wp--preset--spacing--50);padding-bottom:0;padding-left:var(--wp--preset--spacing--50)\">Handel hurtowy wyrobami firm&nbsp; Faller, Bemo, Preiser, Uhlenrock&nbsp; przejmuje nowy przedstawiciel \u2013 firma Model Projekt z Poznania.&nbsp;<strong>Natomiast firmy Tillig, Maerklin, Trix, LGB b\u0119d\u0105 zaopatrywa\u0107 polskie sklepy modelarskie bezpo\u015brednio, a my b\u0119dziemy ich przedstawicielami i opiekunami na polskim rynku.<\/strong><\/p>\n\n\n\n<p style=\"padding-top:0;padding-right:var(--wp--preset--spacing--50);padding-bottom:0;padding-left:var(--wp--preset--spacing--50)\">Od 01-02-2026 zmieni si\u0119 nasz adres stacjonarny, o czym Pa\u0144stwa poinformujemy oddzielnie. Telefony, adresy e-mailowe, strona&nbsp;<a href=\"http:\/\/www.amcwroclaw.pl\/\">www.amcwroclaw.pl<\/a>, Facebook pozostan\u0105 bez zmian i tam b\u0119dziemy informowa\u0107 o wszystkich aktualno\u015bciach.<\/p>\n\n\n\n<p style=\"padding-top:0;padding-right:var(--wp--preset--spacing--50);padding-bottom:0;padding-left:var(--wp--preset--spacing--50)\">W zwi\u0105zku z tymi planami zapraszamy do nas na&nbsp;<strong>\u015bwi\u0105teczne zakupy od 16 do 23 grudnia 2025<\/strong>.<\/p>\n\n\n\n<p style=\"padding-top:0;padding-right:var(--wp--preset--spacing--50);padding-bottom:0;padding-left:var(--wp--preset--spacing--50)\">Zesp\u00f3\u0142 AMC<\/p>\n\n\n\n<p style=\"padding-top:0;padding-right:var(--wp--preset--spacing--50);padding-bottom:0;padding-left:var(--wp--preset--spacing--50)\">Tel.609488586, e-mail:&nbsp;<a href=\"mailto:amc@amcwroclaw.pl\">amc@amcwroclaw.pl<\/a><\/p>\n\n\n\n<p style=\"padding-right:var(--wp--preset--spacing--50);padding-left:var(--wp--preset--spacing--50)\"><\/p>\n","protected":false},"excerpt":{"rendered":"<p>Wa\u017cne informacje na 2026 rok Szanowni nasi Klienci, Jak ju\u017c niekt\u00f3rzy z Was wiedz\u0105, z ko\u0144cem roku 2025 ko\u0144czymy nasz\u0105 dzia\u0142alno\u015b\u0107 handlow\u0105 &nbsp;w lokalu przy ul. Krzemienieckiej 60A we Wroc\u0142awiu. Handel hurtowy wyrobami firm&nbsp; Faller, Bemo, Preiser, Uhlenrock&nbsp; przejmuje nowy przedstawiciel \u2013 firma Model Projekt z Poznania.&nbsp;Natomiast firmy Tillig, Maerklin, Trix, LGB b\u0119d\u0105 zaopatrywa\u0107 polskie [&hellip;]<\/p>\n","protected":false},"author":2,"featured_media":53,"comment_status":"open","ping_status":"open","sticky":false,"template":"full-width","format":"standard","meta":{"footnotes":""},"categories":[1],"tags":[],"class_list":["post-45","post","type-post","status-publish","format-standard","has-post-thumbnail","hentry","category-uncategorized"],"_links":{"self":[{"href":"https:\/\/www.amcwroclaw.pl\/index.php?rest_route=\/wp\/v2\/posts\/45","targetHints":{"allow":["GET"]}}],"collection":[{"href":"https:\/\/www.amcwroclaw.pl\/index.php?rest_route=\/wp\/v2\/posts"}],"about":[{"href":"https:\/\/www.amcwroclaw.pl\/index.php?rest_route=\/wp\/v2\/types\/post"}],"author":[{"embeddable":true,"href":"https:\/\/www.amcwroclaw.pl\/index.php?rest_route=\/wp\/v2\/users\/2"}],"replies":[{"embeddable":true,"href":"https:\/\/www.amcwroclaw.pl\/index.php?rest_route=%2Fwp%2Fv2%2Fcomments&post=45"}],"version-history":[{"count":5,"href":"https:\/\/www.amcwroclaw.pl\/index.php?rest_route=\/wp\/v2\/posts\/45\/revisions"}],"predecessor-version":[{"id":105,"href":"https:\/\/www.amcwroclaw.pl\/index.php?rest_route=\/wp\/v2\/posts\/45\/revisions\/105"}],"wp:featuredmedia":[{"embeddable":true,"href":"https:\/\/www.amcwroclaw.pl\/index.php?rest_route=\/wp\/v2\/media\/53"}],"wp:attachment":[{"href":"https:\/\/www.amcwroclaw.pl\/index.php?rest_route=%2Fwp%2Fv2%2Fmedia&parent=45"}],"wp:term":[{"taxonomy":"category","embeddable":true,"href":"https:\/\/www.amcwroclaw.pl\/index.php?rest_route=%2Fwp%2Fv2%2Fcategories&post=45"},{"taxonomy":"post_tag","embeddable":true,"href":"https:\/\/www.amcwroclaw.pl\/index.php?rest_route=%2Fwp%2Fv2%2Ftags&post=45"}],"curies":[{"name":"wp","href":"https:\/\/api.w.org\/{rel}","templated":true}]}}